{"id":1326,"date":"2021-12-20T09:30:00","date_gmt":"2021-12-20T09:30:00","guid":{"rendered":"https:\/\/graust.com\/2021\/12\/20\/influye-en-el-gasto-energetico-de-una-vivienda-la-potencia-electrica-contratada\/"},"modified":"2022-04-05T18:24:55","modified_gmt":"2022-04-05T18:24:55","slug":"influye-en-el-gasto-energetico-de-una-vivienda-la-potencia-electrica-contratada","status":"publish","type":"post","link":"https:\/\/graust.com\/es\/influye-en-el-gasto-energetico-de-una-vivienda-la-potencia-electrica-contratada\/","title":{"rendered":"\u00bfInfluye en el gasto energ\u00e9tico de una vivienda la potencia el\u00e9ctrica contratada?"},"content":{"rendered":"\n<p><div class=\"s-block-item s-repeatable-item s-block-sortable-item s-blog-post-section blog-section\">&#13;\n<div class=\"container\">&#13;\n<div class=\"sixteen columns\">&#13;\n<div class=\"s-blog-section-inner\">&#13;\n<div class=\"s-component s-text\">&#13;\n<div class=\"s-component-content s-font-body\">&#13;\n&#13;\nLa<em><strong>\u00a0potencia el\u00e9ctrica<\/strong><\/em>\u00a0es una de las variables que pueden influir en el gasto energ\u00e9tico de un hogar. \u00bfPero cu\u00e1l debe ser la potencia correcta en cada vivienda?\u00a0<strong>\u00bfY cu\u00e1l es el ahorro que conseguir\u00e1s si modificas la potencia de la electricidad, adecu\u00e1ndola a tus necesidades?<\/strong>\u00a0Te lo explicamos a continuaci\u00f3n.&#13;\n&#13;\n<\/div>&#13;\n<\/div>&#13;\n<\/div>&#13;\n<\/div>&#13;\n<\/div>&#13;\n<\/div>&#13;\n<div class=\"s-block-item s-repeatable-item s-block-sortable-item s-blog-post-section blog-section\">&#13;\n<div class=\"container\">&#13;\n<div class=\"sixteen columns\">&#13;\n<div class=\"s-blog-section-inner\">&#13;\n<div class=\"s-component s-text\">&#13;\n<div class=\"s-component-content s-font-body\"><\/div>&#13;\n<\/div>&#13;\n<\/div>&#13;\n<\/div>&#13;\n<\/div>&#13;\n<\/div><\/p>\n\n<p><div class=\"s-block-item s-repeatable-item s-block-sortable-item s-blog-post-section blog-section\">&#13;\n<div class=\"container\">&#13;\n<div class=\"sixteen columns\">&#13;\n<div class=\"s-blog-section-inner\">&#13;\n<div class=\"s-component s-text\">&#13;\n<div class=\"s-component-content s-font-body\">&#13;\n<div class=\"s-block-item s-repeatable-item s-block-sortable-item s-blog-post-section blog-section\">&#13;\n<div class=\"container\">&#13;\n<div class=\"sixteen columns\">&#13;\n<div class=\"s-blog-section-inner\">&#13;\n<div class=\"s-component s-text\">&#13;\n<div class=\"s-component-content s-font-body\">&#13;\n&#13;\nSeguro que alguna vez te has preguntado cu\u00e1les son los conceptos que hacen posible calcular la factura de la electricidad de tu vivienda. Estos\u00a0<strong>conceptos se dividen en fijos, variables y los impuestos.<\/strong>\u00a0Sin embargo, hay uno que no var\u00eda y lo cierto es que s\u00ed puede modificarse: la potencia el\u00e9ctrica.&#13;\n&#13;\n<\/div>&#13;\n<\/div>&#13;\n<\/div>&#13;\n<\/div>&#13;\n<\/div>&#13;\n<\/div>&#13;\n<div class=\"s-block-item s-repeatable-item s-block-sortable-item s-blog-post-section blog-section\">&#13;\n<div class=\"container\">&#13;\n<div class=\"sixteen columns\">&#13;\n<div class=\"s-blog-section-inner\">&#13;\n<div class=\"s-component s-text\">&#13;\n<div class=\"s-component-content s-font-body\"><\/div>&#13;\n<\/div>&#13;\n<\/div>&#13;\n<\/div>&#13;\n<\/div>&#13;\n<\/div>&#13;\n<\/div>&#13;\n<\/div>&#13;\n<\/div>&#13;\n<\/div>&#13;\n<\/div>&#13;\n<\/div>&#13;\n<div class=\"s-block-item s-repeatable-item s-block-sortable-item s-blog-post-section blog-section\">&#13;\n<div class=\"container\">&#13;\n<div class=\"sixteen columns\">&#13;\n<div class=\"s-blog-section-inner\">&#13;\n<div class=\"s-component s-text\">&#13;\n<div class=\"s-component-content s-font-body\"><\/div>&#13;\n<\/div>&#13;\n<\/div>&#13;\n<\/div>&#13;\n<\/div>&#13;\n<\/div><\/p>\n\n<h2 class=\"wp-block-heading\"><div class=\"s-block-item s-repeatable-item s-block-sortable-item s-blog-post-section blog-section\">&#13;\n<div class=\"container\">&#13;\n<div class=\"sixteen columns\">&#13;\n<div class=\"s-blog-section-inner\">&#13;\n<div class=\"s-component s-text\">&#13;\n<div class=\"s-component-content s-font-body\">&#13;\n<h2><strong>\u00bfQu\u00e9 es la potencia el\u00e9ctrica?<\/strong><\/h2>&#13;\n<\/div>&#13;\n<\/div>&#13;\n<\/div>&#13;\n<\/div>&#13;\n<\/div>&#13;\n<\/div>&#13;\n<div class=\"s-block-item s-repeatable-item s-block-sortable-item s-blog-post-section blog-section\">&#13;\n<div class=\"container\">&#13;\n<div class=\"sixteen columns\">&#13;\n<div class=\"s-blog-section-inner\">&#13;\n<div class=\"s-component s-text\">&#13;\n<div class=\"s-component-content s-font-body\"><\/div>&#13;\n<\/div>&#13;\n<\/div>&#13;\n<\/div>&#13;\n<\/div>&#13;\n<\/div><\/h2>\n\n<p><div class=\"s-block-item s-repeatable-item s-block-sortable-item s-blog-post-section blog-section\">&#13;\n<div class=\"container\">&#13;\n<div class=\"sixteen columns\">&#13;\n<div class=\"s-blog-section-inner\">&#13;\n<div class=\"s-component s-text\">&#13;\n<div class=\"s-component-content s-font-body\">&#13;\n&#13;\nLa potencia el\u00e9ctrica es el n\u00famero de kW que necesita tu hogar para poder enchufar todos los aparatos en todo momento. En una instalaci\u00f3n\u00a0<strong>con la potencia adecuada no debe saltar el interruptor de control;<\/strong>\u00a0tampoco debe tener un exceso, porque cada kW se paga. Parece l\u00f3gico que para calcular la potencia adecuada en tu casa, se pueda hacer as\u00ed:&#13;\n&#13;\n<\/div>&#13;\n<\/div>&#13;\n<\/div>&#13;\n<\/div>&#13;\n<\/div>&#13;\n<\/div>&#13;\n<div class=\"s-block-item s-repeatable-item s-block-sortable-item s-blog-post-section blog-section\">&#13;\n<div class=\"container\">&#13;\n<div class=\"sixteen columns\">&#13;\n<div class=\"s-blog-section-inner\">&#13;\n<div class=\"s-component s-text\">&#13;\n<div class=\"s-component-content s-font-body\"><\/div>&#13;\n<\/div>&#13;\n<\/div>&#13;\n<\/div>&#13;\n<\/div>&#13;\n<\/div><\/p>\n\n<ul class=\"wp-block-list\"><li>Enchufa todos los aparatos que puedas, a la vez<\/li><li>Espera cinco minutos y anota la potencia que marca tu contador<\/li><li>Ahora puedes dividir esta cantidad por dos y anotas el resultado<\/li><\/ul>\n<p>Esta potencia que resulta y que acabas de anotar es toda la que necesitas en un alto caso de consumo. Por tanto, es una orientaci\u00f3n aconsejable.&#13;\n&#13;\n<\/p>\n\n<h2 class=\"wp-block-heading\"><div class=\"s-block-item s-repeatable-item s-block-sortable-item s-blog-post-section blog-section\">&#13;\n<div class=\"container\">&#13;\n<div class=\"sixteen columns\">&#13;\n<div class=\"s-blog-section-inner\">&#13;\n<div class=\"s-component s-text\">&#13;\n<div class=\"s-component-content s-font-body\">&#13;\n<h2><strong>Datos econ\u00f3micos importantes sobre los kW, vigentes en diciembre de 2021<\/strong><\/h2>&#13;\n<\/div>&#13;\n<\/div>&#13;\n<\/div>&#13;\n<\/div>&#13;\n<\/div>&#13;\n<\/div>&#13;\n<div class=\"s-block-item s-repeatable-item s-block-sortable-item s-blog-post-section blog-section\">&#13;\n<div class=\"container\">&#13;\n<div class=\"sixteen columns\">&#13;\n<div class=\"s-blog-section-inner\">&#13;\n<div class=\"s-component s-text\">&#13;\n<div class=\"s-component-content s-font-body\"><\/div>&#13;\n<\/div>&#13;\n<\/div>&#13;\n<\/div>&#13;\n<\/div>&#13;\n<\/div><\/h2>\n\n<p><div class=\"s-block-item s-repeatable-item s-block-sortable-item s-blog-post-section blog-section\">&#13;\n<div class=\"container\">&#13;\n<div class=\"sixteen columns\">&#13;\n<div class=\"s-blog-section-inner\">&#13;\n<div class=\"s-component s-text\">&#13;\n<div class=\"s-component-content s-font-body\">&#13;\n&#13;\nEl primer dato es que el\u00a0<strong>precio actual del kW: son 44,86 euros<\/strong>\u00a0m\u00e1s los impuestos. En relaci\u00f3n a estos \u00faltimos, actualmente se grava un<strong>\u00a00,5 de impuesto de electricidad y un 10% de iva\u00a0<\/strong>(que es una\u00a0<a href=\"https:\/\/www.endesa.com\/ca\/blogs\/blog-d-endesa\/llum\/iva-electricitat\" target=\"_blank\" rel=\"noopener\"><u>reducci\u00f3n temporal del iva<\/u><\/a>\u00a0hasta finales de a\u00f1o, porque normalmente es 21%).&#13;\n&#13;\n<\/div>&#13;\n<\/div>&#13;\n<\/div>&#13;\n<\/div>&#13;\n<\/div>&#13;\n<\/div>&#13;\n<div class=\"s-block-item s-repeatable-item s-block-sortable-item s-blog-post-section blog-section\">&#13;\n<div class=\"container\">&#13;\n<div class=\"sixteen columns\">&#13;\n<div class=\"s-blog-section-inner\">&#13;\n<div class=\"s-component s-text\">&#13;\n<div class=\"s-component-content s-font-body\"><\/div>&#13;\n<\/div>&#13;\n<\/div>&#13;\n<\/div>&#13;\n<\/div>&#13;\n<\/div><\/p>\n\n<p><div class=\"s-block-item s-repeatable-item s-block-sortable-item s-blog-post-section blog-section\">&#13;\n<div class=\"container\">&#13;\n<div class=\"sixteen columns\">&#13;\n<div class=\"s-blog-section-inner\">&#13;\n<div class=\"s-component s-text\">&#13;\n<div class=\"s-component-content s-font-body\">&#13;\n&#13;\nTambi\u00e9n, quisi\u00e9ramos que tuvieras presente este dato:<strong>\u00a0subir o bajar el n\u00famero de kW, tiene un coste de 10,93 m\u00e1s los impuestos<\/strong>; este importe est\u00e1 regulado por una ley. Aparte de esto, si aumentas el n\u00famero de kW, tendr\u00e1s que asumir un sobrecoste de\u00a0<strong>44,86 m\u00e1s impuestos, por cada kW de potencia<\/strong>\u00a0el\u00e9ctrica aumentada.&#13;\n&#13;\n<\/div>&#13;\n<\/div>&#13;\n<\/div>&#13;\n<\/div>&#13;\n<\/div>&#13;\n<\/div>&#13;\n<div class=\"s-block-item s-repeatable-item s-block-sortable-item s-blog-post-section blog-section\">&#13;\n<div class=\"container\">&#13;\n<div class=\"sixteen columns\">&#13;\n<div class=\"s-blog-section-inner\">&#13;\n<div class=\"s-component s-text\">&#13;\n<div class=\"s-component-content s-font-body\"><\/div>&#13;\n<\/div>&#13;\n<\/div>&#13;\n<\/div>&#13;\n<\/div>&#13;\n<\/div><\/p>\n\n<p><div class=\"s-block-item s-repeatable-item s-block-sortable-item s-blog-post-section blog-section\">&#13;\n<div class=\"container\">&#13;\n<div class=\"sixteen columns\">&#13;\n<div class=\"s-blog-section-inner\">&#13;\n<div class=\"s-component s-text\">&#13;\n<div class=\"s-component-content s-font-body\">&#13;\n&#13;\nPor \u00faltimo, debes saber que la potencia contratada puede dividirse en horarios:\u00a0<a href=\"https:\/\/web.gencat.cat\/ca\/tramits\/que-cal-fer-si\/vull-consumir-lenergia-de-manera-mes-responsable\/reduir-la-factura-electrica\/facturacio-per-hores\/\" target=\"_blank\" rel=\"noopener\"><u>franja valle y franja punta<\/u><\/a>. Esto ocurre desde el primero de junio de este a\u00f1o.&#13;\n&#13;\n<\/div>&#13;\n<\/div>&#13;\n<\/div>&#13;\n<\/div>&#13;\n<\/div>&#13;\n<\/div>&#13;\n<div class=\"s-block-item s-repeatable-item s-block-sortable-item s-blog-post-section blog-section\">&#13;\n<div class=\"container\">&#13;\n<div class=\"sixteen columns\">&#13;\n<div class=\"s-blog-section-inner\">&#13;\n<div class=\"s-component s-text\">&#13;\n<div class=\"s-component-content s-font-body\"><\/div>&#13;\n<\/div>&#13;\n<\/div>&#13;\n<\/div>&#13;\n<\/div>&#13;\n<\/div><\/p>\n\n<h2 class=\"wp-block-heading\"><div class=\"s-block-item s-repeatable-item s-block-sortable-item s-blog-post-section blog-section\">&#13;\n<div class=\"container\">&#13;\n<div class=\"sixteen columns\">&#13;\n<div class=\"s-blog-section-inner\">&#13;\n<div class=\"s-component s-text\">&#13;\n<div class=\"s-component-content s-font-body\">&#13;\n<h2><strong>Si optimizas esta potencia el\u00e9ctrica, \u00bfcu\u00e1ntos euros ahorras?<\/strong><\/h2>&#13;\n<\/div>&#13;\n<\/div>&#13;\n<\/div>&#13;\n<\/div>&#13;\n<\/div>&#13;\n<\/div>&#13;\n<div class=\"s-block-item s-repeatable-item s-block-sortable-item s-blog-post-section blog-section\">&#13;\n<div class=\"container\">&#13;\n<div class=\"sixteen columns\">&#13;\n<div class=\"s-blog-section-inner\">&#13;\n<div class=\"s-component s-text\">&#13;\n<div class=\"s-component-content s-font-body\"><\/div>&#13;\n<\/div>&#13;\n<\/div>&#13;\n<\/div>&#13;\n<\/div>&#13;\n<\/div><\/h2>\n\n<p><div class=\"s-block-item s-repeatable-item s-block-sortable-item s-blog-post-section blog-section\">&#13;\n<div class=\"container\">&#13;\n<div class=\"sixteen columns\">&#13;\n<div class=\"s-blog-section-inner\">&#13;\n<div class=\"s-component s-text\">&#13;\n<div class=\"s-component-content s-font-body\">&#13;\n&#13;\nToma\u00a0<strong>una potencia de 5 kW<\/strong>, como ejemplo: pagar\u00e1s 44, 86 euros m\u00e1s impuestos por cada kW contratado: esto es un importe total y anual,\u00a0<strong>muy aproximado, de 273 euros<\/strong>. Si s\u00f3lo\u00a0<strong>necesitaras 3 kW de potencia para tu casa<\/strong>, \u00bfcu\u00e1l ser\u00eda el coste anual?\u00a0<strong>Pues ser\u00eda de unos 164 euros al a\u00f1o.<\/strong>&#13;\n&#13;\n<\/div>&#13;\n<\/div>&#13;\n<\/div>&#13;\n<\/div>&#13;\n<\/div>&#13;\n<\/div>&#13;\n<div class=\"s-block-item s-repeatable-item s-block-sortable-item s-blog-post-section blog-section\">&#13;\n<div class=\"container\">&#13;\n<div class=\"sixteen columns\">&#13;\n<div class=\"s-blog-section-inner\">&#13;\n<div class=\"s-component s-text\">&#13;\n<div class=\"s-component-content s-font-body\"><\/div>&#13;\n<\/div>&#13;\n<\/div>&#13;\n<\/div>&#13;\n<\/div>&#13;\n<\/div><\/p>\n\n<p><div class=\"s-block-item s-repeatable-item s-block-sortable-item s-blog-post-section blog-section\">&#13;\n<div class=\"container\">&#13;\n<div class=\"sixteen columns\">&#13;\n<div class=\"s-blog-section-inner\">&#13;\n<div class=\"s-component s-text\">&#13;\n<div class=\"s-component-content s-font-body\">&#13;\n&#13;\nLa conclusi\u00f3n es que\u00a0<strong>podr\u00edas ahorrar 109 euros cada a\u00f1o<\/strong>, en este caso.&#13;\n&#13;\n<\/div>&#13;\n<\/div>&#13;\n<\/div>&#13;\n<\/div>&#13;\n<\/div>&#13;\n<\/div>&#13;\n<div class=\"s-block-item s-repeatable-item s-block-sortable-item s-blog-post-section blog-section\">&#13;\n<div class=\"container\">&#13;\n<div class=\"sixteen columns\">&#13;\n<div class=\"s-blog-section-inner\">&#13;\n<div class=\"s-component s-text\">&#13;\n<div class=\"s-component-content s-font-body\"><\/div>&#13;\n<\/div>&#13;\n<\/div>&#13;\n<\/div>&#13;\n<\/div>&#13;\n<\/div><\/p>\n\n<h2 class=\"wp-block-heading\"><div class=\"s-block-item s-repeatable-item s-block-sortable-item s-blog-post-section blog-section\">&#13;\n<div class=\"container\">&#13;\n<div class=\"sixteen columns\">&#13;\n<div class=\"s-blog-section-inner\">&#13;\n<div class=\"s-component s-text\">&#13;\n<div class=\"s-component-content s-font-body\">&#13;\n<h2><strong>Ponte en manos de expertos en energ\u00edas renovables y servicios t\u00e9cnicos<\/strong><\/h2>&#13;\n<\/div>&#13;\n<\/div>&#13;\n<\/div>&#13;\n<\/div>&#13;\n<\/div>&#13;\n<\/div>&#13;\n<div class=\"s-block-item s-repeatable-item s-block-sortable-item s-blog-post-section blog-section\">&#13;\n<div class=\"container\">&#13;\n<div class=\"sixteen columns\">&#13;\n<div class=\"s-blog-section-inner\">&#13;\n<div class=\"s-component s-text\">&#13;\n<div class=\"s-component-content s-font-body\"><\/div>&#13;\n<\/div>&#13;\n<\/div>&#13;\n<\/div>&#13;\n<\/div>&#13;\n<\/div><\/h2>\n\n<p><div class=\"s-block-item s-repeatable-item s-block-sortable-item s-blog-post-section blog-section\">&#13;\n<div class=\"container\">&#13;\n<div class=\"sixteen columns\">&#13;\n<div class=\"s-blog-section-inner\">&#13;\n<div class=\"s-component s-text\">&#13;\n<div class=\"s-component-content s-font-body\">&#13;\n&#13;\nAhora ya sabes que es la potencia el\u00e9ctrica y c\u00f3mo incide en tu gasto energ\u00e9tico. Para gestionarlo, nuestra recomendaci\u00f3n es que\u00a0<a href=\"https:\/\/www.graust.com\/energies-renovables\" target=\"_blank\" rel=\"noopener\"><u>contrates los servicios de una empresa experta en renovables<\/u><\/a>\u00a0que tienen como principios:&#13;\n&#13;\n<\/div>&#13;\n<\/div>&#13;\n<\/div>&#13;\n<\/div>&#13;\n<\/div>&#13;\n<\/div>&#13;\n<div class=\"s-block-item s-repeatable-item s-block-sortable-item s-blog-post-section blog-section\">&#13;\n<div class=\"container\">&#13;\n<div class=\"sixteen columns\">&#13;\n<div class=\"s-blog-section-inner\">&#13;\n<div class=\"s-component s-text\">&#13;\n<div class=\"s-component-content s-font-body\"><\/div>&#13;\n<\/div>&#13;\n<\/div>&#13;\n<\/div>&#13;\n<\/div>&#13;\n<\/div><\/p>\n\n<ul class=\"wp-block-list\"><li>Conseguir el ahorro de los diversos consumos el\u00e9ctricos, residenciales y empresariales&#13;\n<\/li><li>Promover el respeto por el medio ambiente y la sostenibilidad <\/li><li>Ofrecer informaci\u00f3n e implementaci\u00f3n de normativas europeas, que todos debemos cumplir&#13;\n<\/li><\/ul>\n<p><div class=\"s-block-item s-repeatable-item s-block-sortable-item s-blog-post-section blog-section\">&#13;\n<div class=\"container\">&#13;\n<div class=\"sixteen columns\">&#13;\n<div class=\"s-blog-section-inner\">&#13;\n<div class=\"s-component s-text\">&#13;\n<div class=\"s-component-content s-font-body\">&#13;\n&#13;\nSomos\u00a0<a href=\"https:\/\/www.graust.com\/contacte\" target=\"_blank\" rel=\"noopener\"><u>Grau Sistemes T\u00e8rmics<\/u><\/a>, trabajamos desde Olot y estamos especializados en renovables. Ven con tu factura y podremos aconsejarte sobre tu potencia contratada y c\u00f3mo realizar un consumo responsable. \u00a1Te esperamos!&#13;\n&#13;\n<\/div>&#13;\n<\/div>&#13;\n<\/div>&#13;\n<\/div>&#13;\n<\/div>&#13;\n<\/div>&#13;\n<div class=\"s-block-item s-repeatable-item s-block-sortable-item s-blog-post-section blog-section\">&#13;\n<div class=\"container\">&#13;\n<div class=\"sixteen columns\">&#13;\n<div class=\"s-blog-section-inner\">&#13;\n<div class=\"s-component s-text\">&#13;\n<div class=\"s-component-content s-font-body\"><\/div>&#13;\n<\/div>&#13;\n<\/div>&#13;\n<\/div>&#13;\n<\/div>&#13;\n<\/div><\/p>\n","protected":false},"excerpt":{"rendered":"<p>&#13; &#13; &#13; &#13; &#13; &#13; &#13; La\u00a0potencia el\u00e9ctrica\u00a0es una de las variables que pueden influir en el gasto energ\u00e9tico de un hogar. \u00bfPero cu\u00e1l debe ser la potencia correcta en cada vivienda?\u00a0\u00bfY cu\u00e1l es el ahorro que conseguir\u00e1s si modificas la potencia de la electricidad, adecu\u00e1ndola a tus necesidades?\u00a0Te lo explicamos a continuaci\u00f3n.&#13; &#13; [&hellip;]<\/p>\n","protected":false},"author":3,"featured_media":1123,"comment_status":"open","ping_status":"open","sticky":false,"template":"","format":"standard","meta":{"site-sidebar-layout":"default","site-content-layout":"","ast-site-content-layout":"default","site-content-style":"default","site-sidebar-style":"default","ast-global-header-display":"","ast-banner-title-visibility":"","ast-main-header-display":"","ast-hfb-above-header-display":"","ast-hfb-below-header-display":"","ast-hfb-mobile-header-display":"","site-post-title":"","ast-breadcrumbs-content":"","ast-featured-img":"","footer-sml-layout":"","ast-disable-related-posts":"","theme-transparent-header-meta":"","adv-header-id-meta":"","stick-header-meta":"","header-above-stick-meta":"","header-main-stick-meta":"","header-below-stick-meta":"","astra-migrate-meta-layouts":"default","ast-page-background-enabled":"default","ast-page-background-meta":{"desktop":{"background-color":"var(--ast-global-color-4)","background-image":"","background-repeat":"repeat","background-position":"center center","background-size":"auto","background-attachment":"scroll","background-type":"","background-media":"","overlay-type":"","overlay-color":"","overlay-opacity":"","overlay-gradient":""},"tablet":{"background-color":"","background-image":"","background-repeat":"repeat","background-position":"center center","background-size":"auto","background-attachment":"scroll","background-type":"","background-media":"","overlay-type":"","overlay-color":"","overlay-opacity":"","overlay-gradient":""},"mobile":{"background-color":"","background-image":"","background-repeat":"repeat","background-position":"center center","background-size":"auto","background-attachment":"scroll","background-type":"","background-media":"","overlay-type":"","overlay-color":"","overlay-opacity":"","overlay-gradient":""}},"ast-content-background-meta":{"desktop":{"background-color":"var(--ast-global-color-5)","background-image":"","background-repeat":"repeat","background-position":"center center","background-size":"auto","background-attachment":"scroll","background-type":"","background-media":"","overlay-type":"","overlay-color":"","overlay-opacity":"","overlay-gradient":""},"tablet":{"background-color":"var(--ast-global-color-5)","background-image":"","background-repeat":"repeat","background-position":"center center","background-size":"auto","background-attachment":"scroll","background-type":"","background-media":"","overlay-type":"","overlay-color":"","overlay-opacity":"","overlay-gradient":""},"mobile":{"background-color":"var(--ast-global-color-5)","background-image":"","background-repeat":"repeat","background-position":"center center","background-size":"auto","background-attachment":"scroll","background-type":"","background-media":"","overlay-type":"","overlay-color":"","overlay-opacity":"","overlay-gradient":""}},"footnotes":""},"categories":[4],"tags":[],"class_list":["post-1326","post","type-post","status-publish","format-standard","has-post-thumbnail","hentry","category-sin-categorizar"],"_links":{"self":[{"href":"https:\/\/graust.com\/es\/wp-json\/wp\/v2\/posts\/1326","targetHints":{"allow":["GET"]}}],"collection":[{"href":"https:\/\/graust.com\/es\/wp-json\/wp\/v2\/posts"}],"about":[{"href":"https:\/\/graust.com\/es\/wp-json\/wp\/v2\/types\/post"}],"author":[{"embeddable":true,"href":"https:\/\/graust.com\/es\/wp-json\/wp\/v2\/users\/3"}],"replies":[{"embeddable":true,"href":"https:\/\/graust.com\/es\/wp-json\/wp\/v2\/comments?post=1326"}],"version-history":[{"count":1,"href":"https:\/\/graust.com\/es\/wp-json\/wp\/v2\/posts\/1326\/revisions"}],"predecessor-version":[{"id":1327,"href":"https:\/\/graust.com\/es\/wp-json\/wp\/v2\/posts\/1326\/revisions\/1327"}],"wp:featuredmedia":[{"embeddable":true,"href":"https:\/\/graust.com\/es\/wp-json\/wp\/v2\/media\/1123"}],"wp:attachment":[{"href":"https:\/\/graust.com\/es\/wp-json\/wp\/v2\/media?parent=1326"}],"wp:term":[{"taxonomy":"category","embeddable":true,"href":"https:\/\/graust.com\/es\/wp-json\/wp\/v2\/categories?post=1326"},{"taxonomy":"post_tag","embeddable":true,"href":"https:\/\/graust.com\/es\/wp-json\/wp\/v2\/tags?post=1326"}],"curies":[{"name":"wp","href":"https:\/\/api.w.org\/{rel}","templated":true}]}}