{"id":1260,"date":"2020-06-25T09:30:00","date_gmt":"2020-06-25T09:30:00","guid":{"rendered":"https:\/\/graust.com\/2020\/06\/25\/donde-instalar-el-aire-acondicionado-encuentra-la-ubicacion-exacta\/"},"modified":"2022-04-05T11:30:42","modified_gmt":"2022-04-05T11:30:42","slug":"donde-instalar-el-aire-acondicionado-encuentra-la-ubicacion-exacta","status":"publish","type":"post","link":"https:\/\/graust.com\/es\/donde-instalar-el-aire-acondicionado-encuentra-la-ubicacion-exacta\/","title":{"rendered":"\u00bfD\u00f3nde instalar el aire acondicionado? Encuentra la ubicaci\u00f3n exacta"},"content":{"rendered":"\n<p>Finalmente te has decidido a\u00a0<strong><em>instalar<\/em><\/strong>\u00a0<strong><em>aire acondicionado<\/em><\/strong>\u00a0y disfrutar de un verano m\u00e1s confortable. Pero, \u00bfqu\u00e9 te hay que tener presente para encontrar la ubicaci\u00f3n m\u00e1s adecuada y eficiente?<\/p>\n\n<p>Para conocer cu\u00e1l ser\u00e1 la ubicaci\u00f3n m\u00e1s indicada y conseguir una temperatura de confort, aqu\u00ed te dejamos los consejos m\u00e1s interesantes. \u00a1No te lo pierdas!&#13;\n&#13;\n<\/p>\n\n<p>Hay que distinguir entre dos ubicaciones diferentes:<\/p>\n\n<p>Unidad interior: bajo criterio de eficiencia, seguridad y est\u00e9tica.<\/p>\n\n<p>Compresor o unidad exterior de acuerdo con las normativas vigentes.<\/p>\n\n<h2 class=\"wp-block-heading\"><div class=\"s-block-item s-repeatable-item s-block-sortable-item s-blog-post-section blog-section\">&#13;\n<div class=\"container\">&#13;\n<div class=\"sixteen columns\">&#13;\n<div class=\"s-blog-section-inner\">&#13;\n<div class=\"s-component s-text\">&#13;\n<div class=\"s-component-content s-font-heading\">&#13;\n<h2><b>M\u00f3dulo interior<\/b><\/h2>&#13;\n<\/div>&#13;\n<\/div>&#13;\n<\/div>&#13;\n<\/div>&#13;\n<\/div>&#13;\n<\/div>&#13;\n<div class=\"s-block-item s-repeatable-item s-block-sortable-item s-blog-post-section blog-section\">&#13;\n<div class=\"container\">&#13;\n<div class=\"sixteen columns\">&#13;\n<div class=\"s-blog-section-inner\">&#13;\n<div class=\"s-component s-text\">&#13;\n<div class=\"s-component-content s-font-body\"><\/div>&#13;\n<\/div>&#13;\n<\/div>&#13;\n<\/div>&#13;\n<\/div>&#13;\n<\/div><\/h2>\n\n<p>Es la unidad que se coloca en el interior de la vivienda, del negocio o del comercio y desde donde sale el aire fr\u00edo. Normalmente presenta unas l\u00edneas y un dise\u00f1o que ayudan a integrarlo a la est\u00e9tica y la decoraci\u00f3n de los espacios. Los m\u00f3dulos interiores de alta gama son discretos, silenciosos y muy modernos.&#13;\n&#13;\n<\/p>\n\n<p>Para encontrar el lugar \u00f3ptimo donde instalar aire acondicionado, te aconsejamos siguiendo los criterios que a continuaci\u00f3n te explicamos:&#13;\n&#13;\n<\/p>\n\n<h2 class=\"wp-block-heading\"><div class=\"s-block-item s-repeatable-item s-block-sortable-item s-blog-post-section blog-section\">&#13;\n<div class=\"container\">&#13;\n<div class=\"sixteen columns\">&#13;\n<div class=\"s-blog-section-inner\">&#13;\n<div class=\"s-component s-text\">&#13;\n<h2 class=\"s-component-content s-font-heading\"><b>Instalar aire acondicionado en zonas superior del espacio<\/b><\/h2>&#13;\n<\/div>&#13;\n<\/div>&#13;\n<\/div>&#13;\n<\/div>&#13;\n<\/div>&#13;\n<div class=\"s-block-item s-repeatable-item s-block-sortable-item s-blog-post-section blog-section\">&#13;\n<div class=\"container\">&#13;\n<div class=\"sixteen columns\">&#13;\n<div class=\"s-blog-section-inner\">&#13;\n<div class=\"s-component s-text\">&#13;\n<div class=\"s-component-content s-font-body\"><\/div>&#13;\n<\/div>&#13;\n<\/div>&#13;\n<\/div>&#13;\n<\/div>&#13;\n<\/div><\/h2>\n\n<p>La ubicaci\u00f3n perfecta puede ser entre el techo y la pared; justo all\u00ed donde estos dos elementos estructurales de la construcci\u00f3n se unen perpendicularmente. En este lugar, el aparato quedar\u00e1 discreto y no notar\u00e1s que ocupa espacio \u00fatil.&#13;\n&#13;\n<\/p>\n\n<h2 class=\"wp-block-heading\"><div class=\"s-block-item s-repeatable-item s-block-sortable-item s-blog-post-section blog-section\">&#13;\n<div class=\"container\">&#13;\n<div class=\"sixteen columns\">&#13;\n<div class=\"s-blog-section-inner\">&#13;\n<div class=\"s-component s-text\">&#13;\n<div class=\"s-component-content s-font-heading\">&#13;\n<h2><b>Elige una habitaci\u00f3n amplia y comunicada<\/b><\/h2>&#13;\n<\/div>&#13;\n<\/div>&#13;\n<\/div>&#13;\n<\/div>&#13;\n<\/div>&#13;\n<\/div>&#13;\n<div class=\"s-block-item s-repeatable-item s-block-sortable-item s-blog-post-section blog-section\">&#13;\n<div class=\"container\">&#13;\n<div class=\"sixteen columns\">&#13;\n<div class=\"s-blog-section-inner\">&#13;\n<div class=\"s-component s-text\">&#13;\n<div class=\"s-component-content s-font-body\"><\/div>&#13;\n<\/div>&#13;\n<\/div>&#13;\n<\/div>&#13;\n<\/div>&#13;\n<\/div><\/h2>\n\n<p>A\u00f1adir texto de p\u00e1rrafo aqu\u00ed.<\/p>\n\n<p><div class=\"s-block-item s-repeatable-item s-block-sortable-item s-blog-post-section blog-section\">&#13;\n<div class=\"container\">&#13;\n<div class=\"sixteen columns\">&#13;\n<div class=\"s-blog-section-inner\">&#13;\n<div class=\"s-component s-text\">&#13;\n<div class=\"s-component-content s-font-body\">&#13;\n&#13;\nEn un\u00a0<em>loft<\/em>\u00a0ser\u00eda aconsejable el lado contrario a la puerta de entrada, a unos 3 metros de altura si el techo es muy elevado, aqu\u00ed el aire circular\u00e1 perfectamente. Pero si vives en una vivienda m\u00e1s convencional, trata de instalar el aire acondicionado en el sal\u00f3n que es donde siempre hay m\u00e1s personas. Si tienes un pasillo amplio y bien comunicado, tambi\u00e9n es una buena opci\u00f3n. La idea es que el aire fresco pueda llegar a todos los espacios del hogar sin obst\u00e1culos, como pueden ser las paredes y las puertas. Ser\u00eda razonable seguir el mismo criterio si lo que quieres aclimatarse es un despacho o una consulta m\u00e9dica, negocio, etc.&#13;\n&#13;\n<\/div>&#13;\n<\/div>&#13;\n<\/div>&#13;\n<\/div>&#13;\n<\/div>&#13;\n<\/div>&#13;\n<div class=\"s-block-item s-repeatable-item s-block-sortable-item s-blog-post-section blog-section\">&#13;\n<div class=\"container\">&#13;\n<div class=\"sixteen columns\">&#13;\n<div class=\"s-blog-section-inner\">&#13;\n<div class=\"s-component s-text\">&#13;\n<div class=\"s-component-content s-font-body\"><\/div>&#13;\n<\/div>&#13;\n<\/div>&#13;\n<\/div>&#13;\n<\/div>&#13;\n<\/div><\/p>\n\n<p><div class=\"s-block-item s-repeatable-item s-block-sortable-item s-blog-post-section blog-section\">&#13;\n<div class=\"container\">&#13;\n<div class=\"sixteen columns\">&#13;\n<div class=\"s-blog-section-inner\">&#13;\n<div class=\"s-component s-text\">&#13;\n<div class=\"s-component-content s-font-body\">&#13;\n&#13;\nL\u00f3gicamente, puedes colocar dos m\u00f3dulos o &#8216;splits&#8217; de aire acondicionado si el espacio es muy amplio. Entonces, hay que considerar un equilibrio entre el alcance de las dos fuentes de refrigeraci\u00f3n. Para saber qu\u00e9 aparato de aire acondicionado necesita, da un vistazo a\u00a0<u><a href=\"https:\/\/es.graust.com\/blog\/3-consejos-para-escoger-el-mejor-aparato-de-aire-acondicionado\" target=\"_self\" rel=\"noopener\">este art\u00edculo<\/a><\/u>.&#13;\n&#13;\n<\/div>&#13;\n<\/div>&#13;\n<\/div>&#13;\n<\/div>&#13;\n<\/div>&#13;\n<\/div>&#13;\n<div class=\"s-block-item s-repeatable-item s-block-sortable-item s-blog-post-section blog-section\">&#13;\n<div class=\"container\">&#13;\n<div class=\"sixteen columns\">&#13;\n<div class=\"s-blog-section-inner\">&#13;\n<div class=\"s-component s-text\"><\/div>&#13;\n<\/div>&#13;\n<\/div>&#13;\n<\/div>&#13;\n<\/div><\/p>\n\n<h2 class=\"wp-block-heading\"><div class=\"s-block-item s-repeatable-item s-block-sortable-item s-blog-post-section blog-section\">&#13;\n<div class=\"container\">&#13;\n<div class=\"sixteen columns\">&#13;\n<div class=\"s-blog-section-inner\">&#13;\n<div class=\"s-component s-text\">&#13;\n<h2 class=\"s-component-content s-font-heading\"><b>Evitar el flujo directo de aire fr\u00edo hacia las personas<\/b><\/h2>&#13;\n<\/div>&#13;\n<\/div>&#13;\n<\/div>&#13;\n<\/div>&#13;\n<\/div>&#13;\n<div class=\"s-block-item s-repeatable-item s-block-sortable-item s-blog-post-section blog-section\">&#13;\n<div class=\"container\">&#13;\n<div class=\"sixteen columns\">&#13;\n<div class=\"s-blog-section-inner\">&#13;\n<div class=\"s-component s-text\">&#13;\n<div class=\"s-component-content s-font-body\"><\/div>&#13;\n<\/div>&#13;\n<\/div>&#13;\n<\/div>&#13;\n<\/div>&#13;\n<\/div><\/h2>\n\n<p>Realmente es muy importante, en la medida que una corriente de aire fr\u00edo continuo y que sea muy cercano o directo provocar\u00e1, a buen seguro, afon\u00edas o resfriados. En este sentido las empresas expertas en servicios t\u00e9rmicos podr\u00e1n aconsejarte muy bien. Por esta raz\u00f3n deber\u00edas evitar instalar aire acondicionado en las habitaciones de los peque\u00f1os de la casa.&#13;\n&#13;\n<\/p>\n\n<h2 class=\"wp-block-heading\"><div class=\"s-block-item s-repeatable-item s-block-sortable-item s-blog-post-section blog-section\">&#13;\n<div class=\"container\">&#13;\n<div class=\"sixteen columns\">&#13;\n<div class=\"s-blog-section-inner\">&#13;\n<div class=\"s-component s-text\">&#13;\n<div class=\"s-component-content s-font-heading\"><b>M\u00f3dulo exterior, de acuerdo con la normativa<\/b><\/div>&#13;\n<\/div>&#13;\n<\/div>&#13;\n<\/div>&#13;\n<\/div>&#13;\n<\/div>&#13;\n<div class=\"s-block-item s-repeatable-item s-block-sortable-item s-blog-post-section blog-section\">&#13;\n<div class=\"container\">&#13;\n<div class=\"sixteen columns\">&#13;\n<div class=\"s-blog-section-inner\">&#13;\n<div class=\"s-component s-text\">&#13;\n<div class=\"s-component-content s-font-body\"><\/div>&#13;\n<\/div>&#13;\n<\/div>&#13;\n<\/div>&#13;\n<\/div>&#13;\n<\/div><\/h2>\n\n<p><div class=\"s-block-item s-repeatable-item s-block-sortable-item s-blog-post-section blog-section\">&#13;\n<div class=\"container\">&#13;\n<div class=\"sixteen columns\">&#13;\n<div class=\"s-blog-section-inner\">&#13;\n<div class=\"s-component s-text\">&#13;\n<div class=\"s-component-content s-font-body\">&#13;\n&#13;\nAs\u00ed, deber\u00e1s hacer instalar el m\u00f3dulo exterior, respetando\u00a0<strong><u><a href=\"https:\/\/portaljuridic.gencat.cat\/ca\/pjur_ocults\/pjur_resultats_fitxa\/?action=fitxa&amp;mode=single&amp;documentId=694077&amp;language=ca_ES\" target=\"_self\" rel=\"noopener\">la Ley de la Propiedad Horizontal<\/a><\/u><\/strong>\u00a0que, en su art\u00edculo 7, regula la alteraci\u00f3n de los elementos comunes de los edificios. Tambi\u00e9n deber\u00e1s conocer las ordenanzas municipales de tu ayuntamiento y los requisitos de la comunidad de propietarios de tu edificio. Por \u00faltimo, podr\u00e1s contar con tu\u00a0<strong><u><a href=\"https:\/\/es.graust.com\/aire-acondicionado\" target=\"_self\" rel=\"noopener\">empresa de servicios t\u00e9rmicos<\/a><\/u>\u00a0<\/strong>que har\u00e1 las gestiones pertinentes para realizar un trabajo de acuerdo con la normativa vigente.&#13;\n&#13;\n<\/div>&#13;\n<\/div>&#13;\n<\/div>&#13;\n<\/div>&#13;\n<\/div>&#13;\n<\/div>&#13;\n<div class=\"s-block-item s-repeatable-item s-block-sortable-item s-blog-post-section blog-section\">&#13;\n<div class=\"container\">&#13;\n<div class=\"sixteen columns\">&#13;\n<div class=\"s-blog-section-inner\">&#13;\n<div class=\"s-component s-text\">&#13;\n<div class=\"s-component-content s-font-body\"><\/div>&#13;\n<\/div>&#13;\n<\/div>&#13;\n<\/div>&#13;\n<\/div>&#13;\n<\/div><\/p>\n\n<p><div class=\"s-blog-body s-blog-padding\">&#13;\n<div class=\"s-repeatable s-block s-component s-mh \">&#13;\n<div class=\"s-block-item s-repeatable-item s-block-sortable-item s-blog-post-section blog-section\">&#13;\n<div class=\"container\">&#13;\n<div class=\"sixteen columns\">&#13;\n<div class=\"s-blog-section-inner\">&#13;\n<div class=\"s-component s-text\">&#13;\n<div class=\"s-component-content s-font-body\">&#13;\n&#13;\nA Grau Sistemes T\u00e8rmics, trabajamos para instalar el aire acondicionado perfecto a tu negocio ya tu hogar. <strong><u><a href=\"https:\/\/es.graust.com\/contacto\" target=\"_self\" rel=\"noopener\">\u00bfQuieres que hablemos?<\/a><\/u><\/strong>&#13;\n&#13;\n<\/div>&#13;\n<\/div>&#13;\n<\/div>&#13;\n<\/div>&#13;\n<\/div>&#13;\n<\/div>&#13;\n<\/div>&#13;\n<\/div>&#13;\n<div class=\"s-blog-footer s-font-body s-blog-body\">&#13;\n<div class=\"s-blog-footer-inner\">&#13;\n<div class=\"container\">&#13;\n<div class=\"sixteen columns\"><\/div>&#13;\n<\/div>&#13;\n<\/div>&#13;\n<\/div><\/p>\n","protected":false},"excerpt":{"rendered":"<p>Finalmente te has decidido a\u00a0instalar\u00a0aire acondicionado\u00a0y disfrutar de un verano m\u00e1s confortable. Pero, \u00bfqu\u00e9 te hay que tener presente para encontrar la ubicaci\u00f3n m\u00e1s adecuada y eficiente? Para conocer cu\u00e1l ser\u00e1 la ubicaci\u00f3n m\u00e1s indicada y conseguir una temperatura de confort, aqu\u00ed te dejamos los consejos m\u00e1s interesantes. \u00a1No te lo pierdas!&#13; &#13; Hay que [&hellip;]<\/p>\n","protected":false},"author":3,"featured_media":972,"comment_status":"open","ping_status":"open","sticky":false,"template":"","format":"standard","meta":{"site-sidebar-layout":"default","site-content-layout":"","ast-site-content-layout":"default","site-content-style":"default","site-sidebar-style":"default","ast-global-header-display":"","ast-banner-title-visibility":"","ast-main-header-display":"","ast-hfb-above-header-display":"","ast-hfb-below-header-display":"","ast-hfb-mobile-header-display":"","site-post-title":"","ast-breadcrumbs-content":"","ast-featured-img":"","footer-sml-layout":"","ast-disable-related-posts":"","theme-transparent-header-meta":"","adv-header-id-meta":"","stick-header-meta":"","header-above-stick-meta":"","header-main-stick-meta":"","header-below-stick-meta":"","astra-migrate-meta-layouts":"default","ast-page-background-enabled":"default","ast-page-background-meta":{"desktop":{"background-color":"var(--ast-global-color-4)","background-image":"","background-repeat":"repeat","background-position":"center center","background-size":"auto","background-attachment":"scroll","background-type":"","background-media":"","overlay-type":"","overlay-color":"","overlay-opacity":"","overlay-gradient":""},"tablet":{"background-color":"","background-image":"","background-repeat":"repeat","background-position":"center center","background-size":"auto","background-attachment":"scroll","background-type":"","background-media":"","overlay-type":"","overlay-color":"","overlay-opacity":"","overlay-gradient":""},"mobile":{"background-color":"","background-image":"","background-repeat":"repeat","background-position":"center center","background-size":"auto","background-attachment":"scroll","background-type":"","background-media":"","overlay-type":"","overlay-color":"","overlay-opacity":"","overlay-gradient":""}},"ast-content-background-meta":{"desktop":{"background-color":"var(--ast-global-color-5)","background-image":"","background-repeat":"repeat","background-position":"center center","background-size":"auto","background-attachment":"scroll","background-type":"","background-media":"","overlay-type":"","overlay-color":"","overlay-opacity":"","overlay-gradient":""},"tablet":{"background-color":"var(--ast-global-color-5)","background-image":"","background-repeat":"repeat","background-position":"center center","background-size":"auto","background-attachment":"scroll","background-type":"","background-media":"","overlay-type":"","overlay-color":"","overlay-opacity":"","overlay-gradient":""},"mobile":{"background-color":"var(--ast-global-color-5)","background-image":"","background-repeat":"repeat","background-position":"center center","background-size":"auto","background-attachment":"scroll","background-type":"","background-media":"","overlay-type":"","overlay-color":"","overlay-opacity":"","overlay-gradient":""}},"footnotes":""},"categories":[4],"tags":[],"class_list":["post-1260","post","type-post","status-publish","format-standard","has-post-thumbnail","hentry","category-sin-categorizar"],"_links":{"self":[{"href":"https:\/\/graust.com\/es\/wp-json\/wp\/v2\/posts\/1260","targetHints":{"allow":["GET"]}}],"collection":[{"href":"https:\/\/graust.com\/es\/wp-json\/wp\/v2\/posts"}],"about":[{"href":"https:\/\/graust.com\/es\/wp-json\/wp\/v2\/types\/post"}],"author":[{"embeddable":true,"href":"https:\/\/graust.com\/es\/wp-json\/wp\/v2\/users\/3"}],"replies":[{"embeddable":true,"href":"https:\/\/graust.com\/es\/wp-json\/wp\/v2\/comments?post=1260"}],"version-history":[{"count":1,"href":"https:\/\/graust.com\/es\/wp-json\/wp\/v2\/posts\/1260\/revisions"}],"predecessor-version":[{"id":1261,"href":"https:\/\/graust.com\/es\/wp-json\/wp\/v2\/posts\/1260\/revisions\/1261"}],"wp:featuredmedia":[{"embeddable":true,"href":"https:\/\/graust.com\/es\/wp-json\/wp\/v2\/media\/972"}],"wp:attachment":[{"href":"https:\/\/graust.com\/es\/wp-json\/wp\/v2\/media?parent=1260"}],"wp:term":[{"taxonomy":"category","embeddable":true,"href":"https:\/\/graust.com\/es\/wp-json\/wp\/v2\/categories?post=1260"},{"taxonomy":"post_tag","embeddable":true,"href":"https:\/\/graust.com\/es\/wp-json\/wp\/v2\/tags?post=1260"}],"curies":[{"name":"wp","href":"https:\/\/api.w.org\/{rel}","templated":true}]}}