{"id":1250,"date":"2020-04-03T09:30:00","date_gmt":"2020-04-03T09:30:00","guid":{"rendered":"https:\/\/graust.com\/2020\/04\/03\/como-afectara-el-cambio-climatico-en-el-sector-energetico-todo-lo-que-debes-saber\/"},"modified":"2022-04-05T11:21:12","modified_gmt":"2022-04-05T11:21:12","slug":"como-afectara-el-cambio-climatico-en-el-sector-energetico-todo-lo-que-debes-saber","status":"publish","type":"post","link":"https:\/\/graust.com\/es\/como-afectara-el-cambio-climatico-en-el-sector-energetico-todo-lo-que-debes-saber\/","title":{"rendered":"\u00bfC\u00f3mo afectar\u00e1 el cambio clim\u00e1tico en el sector energ\u00e9tico? | Todo lo que debes saber"},"content":{"rendered":"\n<p><div class=\"s-block-item s-repeatable-item s-block-sortable-item s-blog-post-section blog-section\">&#13;\n<div class=\"container\">&#13;\n<div class=\"sixteen columns\">&#13;\n<div class=\"s-blog-section-inner\">&#13;\n<div class=\"s-component s-text\">&#13;\n<div class=\"s-component-content s-font-body\">&#13;\n&#13;\nEn este art\u00edculo, te damos las claves para conocer c\u00f3mo impacta el\u00a0<strong><em>cambio clim\u00e1tico en el sector energ\u00e9tico<\/em><\/strong>, provocando cambios muy importantes tanto en la producci\u00f3n de la energ\u00eda, como en su consumo.&#13;\n&#13;\n<\/div>&#13;\n<\/div>&#13;\n<\/div>&#13;\n<\/div>&#13;\n<\/div>&#13;\n<\/div>&#13;\n<div class=\"s-block-item s-repeatable-item s-block-sortable-item s-blog-post-section blog-section\">&#13;\n<div class=\"container\">&#13;\n<div class=\"sixteen columns\">&#13;\n<div class=\"s-blog-section-inner\">&#13;\n<div class=\"s-component s-text\">&#13;\n<div class=\"s-component-content s-font-body\"><\/div>&#13;\n<\/div>&#13;\n<\/div>&#13;\n<\/div>&#13;\n<\/div>&#13;\n<\/div><\/p>\n\n<p><div class=\"s-block-item s-repeatable-item s-block-sortable-item s-blog-post-section blog-section\">&#13;\n<div class=\"container\">&#13;\n<div class=\"sixteen columns\">&#13;\n<div class=\"s-blog-section-inner\">&#13;\n<div class=\"s-component s-text\">&#13;\n<div class=\"s-component-content s-font-body\">&#13;\n&#13;\nDesgraciadamente, las noticias que nos llegan sobre el calentamiento del planeta y la contaminaci\u00f3n no son positivas. La acci\u00f3n humana, abusando de los recursos de la Tierra tan irresponsablemente, nos ha llevado a una\u00a0<strong>situaci\u00f3n grave de contaminaci\u00f3n que reclama urgente una transformaci\u00f3n<\/strong>\u00a0importante en la sociedad.&#13;\n&#13;\n<\/div>&#13;\n<\/div>&#13;\n<\/div>&#13;\n<\/div>&#13;\n<\/div>&#13;\n<\/div>&#13;\n<div class=\"s-block-item s-repeatable-item s-block-sortable-item s-blog-post-section blog-section\">&#13;\n<div class=\"container\">&#13;\n<div class=\"sixteen columns\">&#13;\n<div class=\"s-blog-section-inner\">&#13;\n<div class=\"s-component s-text\">&#13;\n<div class=\"s-component-content s-font-body\"><\/div>&#13;\n<\/div>&#13;\n<\/div>&#13;\n<\/div>&#13;\n<\/div>&#13;\n<\/div><\/p>\n\n<p><div class=\"s-block-item s-repeatable-item s-block-sortable-item s-blog-post-section blog-section\">&#13;\n<div class=\"container\">&#13;\n<div class=\"sixteen columns\">&#13;\n<div class=\"s-blog-section-inner\">&#13;\n<div class=\"s-component s-text\">&#13;\n<div class=\"s-component-content s-font-body\">&#13;\n&#13;\nLa afectaci\u00f3n de este cambio clim\u00e1tico en el sector energ\u00e9tico es m\u00e1s que evidente, en la medida que el consumo de combustibles f\u00f3siles son los responsables del aumento de CO2 en la atm\u00f3sfera, y adem\u00e1s no representan una fuente de recursos inagotable.&#13;\n&#13;\n<\/div>&#13;\n<\/div>&#13;\n<\/div>&#13;\n<\/div>&#13;\n<\/div>&#13;\n<\/div>&#13;\n<div class=\"s-block-item s-repeatable-item s-block-sortable-item s-blog-post-section blog-section\">&#13;\n<div class=\"container\">&#13;\n<div class=\"sixteen columns\">&#13;\n<div class=\"s-blog-section-inner\">&#13;\n<div class=\"s-component s-text\">&#13;\n<div class=\"s-component-content s-font-body\"><\/div>&#13;\n<\/div>&#13;\n<\/div>&#13;\n<\/div>&#13;\n<\/div>&#13;\n<\/div><\/p>\n\n<p>As\u00ed las cosas, hay que tener en cuenta que es m\u00e1s importante que nunca conocer las consecuencias que traer\u00e1 este cambio clim\u00e1tico. Y es que, a buen seguro, puede ser una gran oportunidad para consolidar avances tecnol\u00f3gicos que nos lleven la generaci\u00f3n a gran escala de energ\u00edas m\u00e1s limpias y renovables.&#13;\n&#13;\n<\/p>\n\n<p><div class=\"s-block-item s-repeatable-item s-block-sortable-item s-blog-post-section blog-section\">&#13;\n<div class=\"container\">&#13;\n<div class=\"sixteen columns\">&#13;\n<div class=\"s-blog-section-inner\">&#13;\n<div class=\"s-component s-text\">&#13;\n<div class=\"s-component-content s-font-body\">&#13;\n&#13;\nEstas son las afectaciones m\u00e1s importantes del cambio clim\u00e1tico en el sector energ\u00e9tico.&#13;\n&#13;\n<\/div>&#13;\n<\/div>&#13;\n<\/div>&#13;\n<\/div>&#13;\n<\/div>&#13;\n<\/div>&#13;\n<div class=\"s-block-item s-repeatable-item s-block-sortable-item s-blog-post-section blog-section\">&#13;\n<div class=\"container\">&#13;\n<div class=\"sixteen columns\">&#13;\n<div class=\"s-blog-section-inner\">&#13;\n<div class=\"s-component s-text\">&#13;\n<div class=\"s-component-content s-font-heading\"><\/div>&#13;\n<\/div>&#13;\n<\/div>&#13;\n<\/div>&#13;\n<\/div>&#13;\n<\/div><\/p>\n\n<h2 class=\"wp-block-heading\"><div class=\"s-block-item s-repeatable-item s-block-sortable-item s-blog-post-section blog-section\">&#13;\n<div class=\"container\">&#13;\n<div class=\"sixteen columns\">&#13;\n<div class=\"s-blog-section-inner\">&#13;\n<div class=\"s-component s-text\">&#13;\n<div class=\"s-component-content s-font-heading\">&#13;\n<h2><strong>Potenciar las energ\u00edas solares y e\u00f3licas<\/strong><\/h2>&#13;\n<\/div>&#13;\n<\/div>&#13;\n<\/div>&#13;\n<\/div>&#13;\n<\/div>&#13;\n<\/div>&#13;\n<div class=\"s-block-item s-repeatable-item s-block-sortable-item s-blog-post-section blog-section\">&#13;\n<div class=\"container\">&#13;\n<div class=\"sixteen columns\">&#13;\n<div class=\"s-blog-section-inner\">&#13;\n<div class=\"s-component s-text\">&#13;\n<div class=\"s-component-content s-font-body\"><\/div>&#13;\n<\/div>&#13;\n<\/div>&#13;\n<\/div>&#13;\n<\/div>&#13;\n<\/div><\/h2>\n\n<p>El calentamiento del planeta est\u00e1 comportando el aumento de la temperatura global, y por tanto, sequ\u00edas all\u00ed donde hace unos a\u00f1os hab\u00eda agua. Por esta raz\u00f3n, la obtenci\u00f3n de energ\u00eda el\u00e9ctrica a trav\u00e9s de los embalses de agua construidos en los r\u00edos se hace cada vez m\u00e1s complicada y m\u00e1s cara.&#13;\n&#13;\n<\/p>\n\n<p>Dejando de lado el gran debate sobre las centrales t\u00e9rmicas nucleares, estas tambi\u00e9n se ven afectadas, dado que para refrigerarse utilizan agua que es cada vez m\u00e1s escasa y se encuentra a temperaturas m\u00e1s elevadas.&#13;\n&#13;\n<\/p>\n\n<p><div class=\"s-block-item s-repeatable-item s-block-sortable-item s-blog-post-section blog-section\">&#13;\n<div class=\"container\">&#13;\n<div class=\"sixteen columns\">&#13;\n<div class=\"s-blog-section-inner\">&#13;\n<div class=\"s-component s-text\">&#13;\n<div class=\"s-component-content s-font-body\">&#13;\n&#13;\nSab\u00edas que los per\u00edodos de refrigeraci\u00f3n de estas instalaciones se alargan, y en consecuencia la energ\u00eda generada tambi\u00e9n encarece? Por este motivo, es muy importante potenciar y desarrollar opciones renovables como es\u00a0<strong>la energ\u00eda e\u00f3lica o la solar que, adem\u00e1s de ser menos contaminantes, son m\u00e1s econ\u00f3micas<\/strong>.&#13;\n&#13;\n<\/div>&#13;\n<\/div>&#13;\n<\/div>&#13;\n<\/div>&#13;\n<\/div>&#13;\n<\/div>&#13;\n<div class=\"s-block-item s-repeatable-item s-block-sortable-item s-blog-post-section blog-section\">&#13;\n<div class=\"container\">&#13;\n<div class=\"sixteen columns\">&#13;\n<div class=\"s-blog-section-inner\">&#13;\n<div class=\"s-component s-text\"><\/div>&#13;\n<\/div>&#13;\n<\/div>&#13;\n<\/div>&#13;\n<\/div><\/p>\n\n<h2 class=\"wp-block-heading\"><div class=\"s-block-item s-repeatable-item s-block-sortable-item s-blog-post-section blog-section\">&#13;\n<div class=\"container\">&#13;\n<div class=\"sixteen columns\">&#13;\n<div class=\"s-blog-section-inner\">&#13;\n<div class=\"s-component s-text\">&#13;\n<h2 class=\"s-component-content s-font-heading\"><strong>Disminuci\u00f3n de la utilizaci\u00f3n combustibles f\u00f3siles<\/strong><\/h2>&#13;\n<\/div>&#13;\n<\/div>&#13;\n<\/div>&#13;\n<\/div>&#13;\n<\/div>&#13;\n<div class=\"s-block-item s-repeatable-item s-block-sortable-item s-blog-post-section blog-section\">&#13;\n<div class=\"container\">&#13;\n<div class=\"sixteen columns\">&#13;\n<div class=\"s-blog-section-inner\">&#13;\n<div class=\"s-component s-text\">&#13;\n<div class=\"s-component-content s-font-body\"><\/div>&#13;\n<\/div>&#13;\n<\/div>&#13;\n<\/div>&#13;\n<\/div>&#13;\n<\/div><\/h2>\n\n<p>Trabajar para revertir la tendencia al alza del calentamiento global, as\u00ed como para frenar las emisiones de gases de efecto invernadero a la atm\u00f3sfera, es ya imposible de aplazar. En este sentido, las pol\u00edticas internacionales deben ser determinantes para conseguir una disminuci\u00f3n del consumo de combustibles f\u00f3siles.&#13;\n&#13;\n<\/p>\n\n<p><div class=\"s-block-item s-repeatable-item s-block-sortable-item s-blog-post-section blog-section\">&#13;\n<div class=\"container\">&#13;\n<div class=\"sixteen columns\">&#13;\n<div class=\"s-blog-section-inner\">&#13;\n<div class=\"s-component s-text\">&#13;\n<div class=\"s-component-content s-font-body\">&#13;\n&#13;\nEs, precisamente, la combusti\u00f3n de los productos derivados de los recursos f\u00f3siles, la responsable de la contaminaci\u00f3n y el aumento de la temperatura del planeta. Si la sociedad, en su conjunto, quiere dar un paso importante para reducir las emisiones de CO2 -entre otros gases-,\u00a0<strong>la consecuci\u00f3n de los acuerdos de la cumbre que se celebr\u00f3 en Par\u00eds en diciembre de 2015 debe ser una realidad inminente<\/strong>.&#13;\n&#13;\n<\/div>&#13;\n<\/div>&#13;\n<\/div>&#13;\n<\/div>&#13;\n<\/div>&#13;\n<\/div>&#13;\n<div class=\"s-block-item s-repeatable-item s-block-sortable-item s-blog-post-section blog-section\">&#13;\n<div class=\"container\">&#13;\n<div class=\"sixteen columns\">&#13;\n<div class=\"s-blog-section-inner\">&#13;\n<div class=\"s-component s-text\">&#13;\n<div class=\"s-component-content s-font-body\"><\/div>&#13;\n<\/div>&#13;\n<\/div>&#13;\n<\/div>&#13;\n<\/div>&#13;\n<\/div><\/p>\n\n<p>Esta cumbre ha significado claramente un punto de inflexi\u00f3n en la cooperaci\u00f3n internacional para la lucha contra el cambio clim\u00e1tico. Sin embargo, los compromisos firmados en la capital francesa no se est\u00e1n haciendo realidad con celeridad.&#13;\n&#13;\n<\/p>\n\n<p><div class=\"s-block-item s-repeatable-item s-block-sortable-item s-blog-post-section blog-section\">&#13;\n<div class=\"container\">&#13;\n<div class=\"sixteen columns\">&#13;\n<div class=\"s-blog-section-inner\">&#13;\n<div class=\"s-component s-text\">&#13;\n<div class=\"s-component-content s-font-body\">&#13;\n&#13;\nCambiar el modelo de producci\u00f3n de la energ\u00eda y hacerlo m\u00e1s sostenible debe ser la prioridad de todos. Hay que luchar contra el\u00a0<strong>cambio clim\u00e1tico en el sector energ\u00e9tico<\/strong>.&#13;\n&#13;\n<\/div>&#13;\n<\/div>&#13;\n<\/div>&#13;\n<\/div>&#13;\n<\/div>&#13;\n<\/div>&#13;\n<div class=\"s-block-item s-repeatable-item s-block-sortable-item s-blog-post-section blog-section\">&#13;\n<div class=\"container\">&#13;\n<div class=\"sixteen columns\">&#13;\n<div class=\"s-blog-section-inner\">&#13;\n<div class=\"s-component s-text\">&#13;\n<div class=\"s-component-content s-font-body\"><\/div>&#13;\n<\/div>&#13;\n<\/div>&#13;\n<\/div>&#13;\n<\/div>&#13;\n<\/div><\/p>\n\n<p><div class=\"s-blog-body s-blog-padding\">&#13;\n<div class=\"s-repeatable s-block s-component s-mh \">&#13;\n<div class=\"s-block-item s-repeatable-item s-block-sortable-item s-blog-post-section blog-section\">&#13;\n<div class=\"container\">&#13;\n<div class=\"sixteen columns\">&#13;\n<div class=\"s-blog-section-inner\">&#13;\n<div class=\"s-component s-text\">&#13;\n<div class=\"s-component-content s-font-body\">&#13;\n&#13;\nA\u00a0<strong>GrauST<\/strong>\u00a0tenemos\u00a0<u><a href=\"https:\/\/es.graust.com\/energias-renovables\" target=\"_self\" rel=\"noopener\">sistemas t\u00e9rmicos sostenibles<\/a><\/u>\u00a0de calidad. No esperes m\u00e1s, contribuye a la lucha contra el cambio clim\u00e1tico.&#13;\n&#13;\n<\/div>&#13;\n<\/div>&#13;\n<\/div>&#13;\n<\/div>&#13;\n<\/div>&#13;\n<\/div>&#13;\n<\/div>&#13;\n<\/div>&#13;\n<div class=\"s-blog-footer s-font-body s-blog-body\">&#13;\n<div class=\"s-blog-footer-inner\">&#13;\n<div class=\"container\">&#13;\n<div class=\"sixteen columns\"><\/div>&#13;\n<\/div>&#13;\n<\/div>&#13;\n<\/div><\/p>\n","protected":false},"excerpt":{"rendered":"<p>&#13; &#13; &#13; &#13; &#13; &#13; &#13; En este art\u00edculo, te damos las claves para conocer c\u00f3mo impacta el\u00a0cambio clim\u00e1tico en el sector energ\u00e9tico, provocando cambios muy importantes tanto en la producci\u00f3n de la energ\u00eda, como en su consumo.&#13; &#13; &#13; &#13; &#13; &#13; &#13; &#13; &#13; &#13; &#13; &#13; &#13; &#13; &#13; &#13; &#13; [&hellip;]<\/p>\n","protected":false},"author":3,"featured_media":951,"comment_status":"open","ping_status":"open","sticky":false,"template":"","format":"standard","meta":{"site-sidebar-layout":"default","site-content-layout":"","ast-site-content-layout":"default","site-content-style":"default","site-sidebar-style":"default","ast-global-header-display":"","ast-banner-title-visibility":"","ast-main-header-display":"","ast-hfb-above-header-display":"","ast-hfb-below-header-display":"","ast-hfb-mobile-header-display":"","site-post-title":"","ast-breadcrumbs-content":"","ast-featured-img":"","footer-sml-layout":"","ast-disable-related-posts":"","theme-transparent-header-meta":"","adv-header-id-meta":"","stick-header-meta":"","header-above-stick-meta":"","header-main-stick-meta":"","header-below-stick-meta":"","astra-migrate-meta-layouts":"default","ast-page-background-enabled":"default","ast-page-background-meta":{"desktop":{"background-color":"var(--ast-global-color-4)","background-image":"","background-repeat":"repeat","background-position":"center center","background-size":"auto","background-attachment":"scroll","background-type":"","background-media":"","overlay-type":"","overlay-color":"","overlay-opacity":"","overlay-gradient":""},"tablet":{"background-color":"","background-image":"","background-repeat":"repeat","background-position":"center center","background-size":"auto","background-attachment":"scroll","background-type":"","background-media":"","overlay-type":"","overlay-color":"","overlay-opacity":"","overlay-gradient":""},"mobile":{"background-color":"","background-image":"","background-repeat":"repeat","background-position":"center center","background-size":"auto","background-attachment":"scroll","background-type":"","background-media":"","overlay-type":"","overlay-color":"","overlay-opacity":"","overlay-gradient":""}},"ast-content-background-meta":{"desktop":{"background-color":"var(--ast-global-color-5)","background-image":"","background-repeat":"repeat","background-position":"center center","background-size":"auto","background-attachment":"scroll","background-type":"","background-media":"","overlay-type":"","overlay-color":"","overlay-opacity":"","overlay-gradient":""},"tablet":{"background-color":"var(--ast-global-color-5)","background-image":"","background-repeat":"repeat","background-position":"center center","background-size":"auto","background-attachment":"scroll","background-type":"","background-media":"","overlay-type":"","overlay-color":"","overlay-opacity":"","overlay-gradient":""},"mobile":{"background-color":"var(--ast-global-color-5)","background-image":"","background-repeat":"repeat","background-position":"center center","background-size":"auto","background-attachment":"scroll","background-type":"","background-media":"","overlay-type":"","overlay-color":"","overlay-opacity":"","overlay-gradient":""}},"footnotes":""},"categories":[4],"tags":[],"class_list":["post-1250","post","type-post","status-publish","format-standard","has-post-thumbnail","hentry","category-sin-categorizar"],"_links":{"self":[{"href":"https:\/\/graust.com\/es\/wp-json\/wp\/v2\/posts\/1250","targetHints":{"allow":["GET"]}}],"collection":[{"href":"https:\/\/graust.com\/es\/wp-json\/wp\/v2\/posts"}],"about":[{"href":"https:\/\/graust.com\/es\/wp-json\/wp\/v2\/types\/post"}],"author":[{"embeddable":true,"href":"https:\/\/graust.com\/es\/wp-json\/wp\/v2\/users\/3"}],"replies":[{"embeddable":true,"href":"https:\/\/graust.com\/es\/wp-json\/wp\/v2\/comments?post=1250"}],"version-history":[{"count":1,"href":"https:\/\/graust.com\/es\/wp-json\/wp\/v2\/posts\/1250\/revisions"}],"predecessor-version":[{"id":1251,"href":"https:\/\/graust.com\/es\/wp-json\/wp\/v2\/posts\/1250\/revisions\/1251"}],"wp:featuredmedia":[{"embeddable":true,"href":"https:\/\/graust.com\/es\/wp-json\/wp\/v2\/media\/951"}],"wp:attachment":[{"href":"https:\/\/graust.com\/es\/wp-json\/wp\/v2\/media?parent=1250"}],"wp:term":[{"taxonomy":"category","embeddable":true,"href":"https:\/\/graust.com\/es\/wp-json\/wp\/v2\/categories?post=1250"},{"taxonomy":"post_tag","embeddable":true,"href":"https:\/\/graust.com\/es\/wp-json\/wp\/v2\/tags?post=1250"}],"curies":[{"name":"wp","href":"https:\/\/api.w.org\/{rel}","templated":true}]}}